{"id":2635,"date":"2021-09-06T11:43:25","date_gmt":"2021-09-06T09:43:25","guid":{"rendered":"https:\/\/coralesfrancescodapaola.it\/wp\/?p=2635"},"modified":"2021-10-13T13:43:54","modified_gmt":"2021-10-13T11:43:54","slug":"scuola-di-musica-nonsolonote-anno-scolastico-2021-2022","status":"publish","type":"post","link":"https:\/\/coralesfrancescodapaola.it\/wp\/2021\/09\/06\/scuola-di-musica-nonsolonote-anno-scolastico-2021-2022\/","title":{"rendered":"Scuola di Musica NonSoloNote Anno Scolastico 2021 \u2013 2022"},"content":{"rendered":"<h1 style=\"text-align: center;\">RIPARTONO I CORSI DI MUSICA!<\/h1>\n<h3 style=\"text-align: center;\"><strong>PER TUTTE LE SEDI E\u2019 NECESSARIO FARE L\u2019ISCRIZIONE ON LINE:<\/strong><\/h3>\n<p style=\"text-align: center;\">1)\u00a0<a href=\"https:\/\/coralesfrancescodapaola.it\/wp\/wp-content\/uploads\/2021\/09\/Iscrizione_privacy21-22.pdf\">Scarica qui<\/a>\u00a0il modulo<br \/>\n2) Compilalo in tutte le sue parti<br \/>\n3) Invialo a posta@coralesfrancescodapaola.it<\/p>\n<p>La scuola inizier\u00e0 <b>luned\u00ec 27 settembre 2021<\/b>,<br \/>\nla presentazione dei corsi avverr\u00e0 <b>marted\u00ec 21 settembre 2021<\/b> alle <b>ore 18.30<\/b> presso l&#8217;Ex Refettorio.<\/p>\n<p>Sar\u00e0 necessario continuare ad utilizzare <b>mascherina<\/b>, <b>sanificare le mani <\/b> all\u2019ingresso e uscita;<br \/>\n<b>noi sanificheremo gli strumenti e i locali<\/b>.<br \/>\nAl momento non ci sono indicazioni su Greenpass.<\/p>\n<p>Vorremmo anche ripartire con i <b>corsi collettivi <\/b> valutando le opportune modalit\u00e0 di sicurezza:<br \/>\nAtelier musicale, Canto Corale e Musica di insieme.<br \/>\nSegnalate la vostra intenzione a frequentare uno di questi corsi: ci serve per capire anche che spazi utilizzare.<\/p>\n<p><a href=\"https:\/\/coralesfrancescodapaola.it\/wp\/wp-content\/uploads\/2021\/09\/Corale_-Locandina-Bagnolo-2122.-Poster.png\"><img loading=\"lazy\" decoding=\"async\" class=\"aligncenter wp-image-2669 size-large\" src=\"https:\/\/coralesfrancescodapaola.it\/wp\/wp-content\/uploads\/2021\/09\/Corale_-Locandina-Bagnolo-2122.-Poster-726x1024.png\" alt=\"\" width=\"720\" height=\"1016\" srcset=\"https:\/\/coralesfrancescodapaola.it\/wp\/wp-content\/uploads\/2021\/09\/Corale_-Locandina-Bagnolo-2122.-Poster-726x1024.png 726w, https:\/\/coralesfrancescodapaola.it\/wp\/wp-content\/uploads\/2021\/09\/Corale_-Locandina-Bagnolo-2122.-Poster-213x300.png 213w, https:\/\/coralesfrancescodapaola.it\/wp\/wp-content\/uploads\/2021\/09\/Corale_-Locandina-Bagnolo-2122.-Poster-768x1084.png 768w, https:\/\/coralesfrancescodapaola.it\/wp\/wp-content\/uploads\/2021\/09\/Corale_-Locandina-Bagnolo-2122.-Poster-600x846.png 600w, https:\/\/coralesfrancescodapaola.it\/wp\/wp-content\/uploads\/2021\/09\/Corale_-Locandina-Bagnolo-2122.-Poster-1089x1536.png 1089w, https:\/\/coralesfrancescodapaola.it\/wp\/wp-content\/uploads\/2021\/09\/Corale_-Locandina-Bagnolo-2122.-Poster.png 1239w\" sizes=\"auto, (max-width: 720px) 100vw, 720px\" \/><\/a><\/p>\n","protected":false},"excerpt":{"rendered":"<p>RIPARTONO I CORSI DI MUSICA! PER TUTTE LE SEDI E\u2019 NECESSARIO FARE L\u2019ISCRIZIONE ON LINE: 1)\u00a0Scarica qui\u00a0il modulo 2) Compilalo in tutte le sue parti 3) Invialo a posta@coralesfrancescodapaola.it La scuola inizier\u00e0 luned\u00ec 27 settembre 2021, la presentazione dei corsi avverr\u00e0 marted\u00ec 21 settembre 2021 alle ore 18.30 presso l&#8217;Ex Refettorio. Sar\u00e0 necessario continuare ad [&hellip;]<\/p>\n","protected":false},"author":4,"featured_media":2637,"comment_status":"closed","ping_status":"open","sticky":false,"template":"","format":"standard","meta":{"footnotes":""},"categories":[1],"tags":[],"class_list":{"0":"post-2635","1":"post","2":"type-post","3":"status-publish","4":"format-standard","5":"has-post-thumbnail","6":"hentry","7":"category-senza-categoria","9":"post-with-thumbnail","10":"post-with-thumbnail-large"},"_links":{"self":[{"href":"https:\/\/coralesfrancescodapaola.it\/wp\/wp-json\/wp\/v2\/posts\/2635","targetHints":{"allow":["GET"]}}],"collection":[{"href":"https:\/\/coralesfrancescodapaola.it\/wp\/wp-json\/wp\/v2\/posts"}],"about":[{"href":"https:\/\/coralesfrancescodapaola.it\/wp\/wp-json\/wp\/v2\/types\/post"}],"author":[{"embeddable":true,"href":"https:\/\/coralesfrancescodapaola.it\/wp\/wp-json\/wp\/v2\/users\/4"}],"replies":[{"embeddable":true,"href":"https:\/\/coralesfrancescodapaola.it\/wp\/wp-json\/wp\/v2\/comments?post=2635"}],"version-history":[{"count":2,"href":"https:\/\/coralesfrancescodapaola.it\/wp\/wp-json\/wp\/v2\/posts\/2635\/revisions"}],"predecessor-version":[{"id":2670,"href":"https:\/\/coralesfrancescodapaola.it\/wp\/wp-json\/wp\/v2\/posts\/2635\/revisions\/2670"}],"wp:featuredmedia":[{"embeddable":true,"href":"https:\/\/coralesfrancescodapaola.it\/wp\/wp-json\/wp\/v2\/media\/2637"}],"wp:attachment":[{"href":"https:\/\/coralesfrancescodapaola.it\/wp\/wp-json\/wp\/v2\/media?parent=2635"}],"wp:term":[{"taxonomy":"category","embeddable":true,"href":"https:\/\/coralesfrancescodapaola.it\/wp\/wp-json\/wp\/v2\/categories?post=2635"},{"taxonomy":"post_tag","embeddable":true,"href":"https:\/\/coralesfrancescodapaola.it\/wp\/wp-json\/wp\/v2\/tags?post=2635"}],"curies":[{"name":"wp","href":"https:\/\/api.w.org\/{rel}","templated":true}]}}